{"id":7217,"date":"2017-09-19T13:00:08","date_gmt":"2017-09-19T13:00:08","guid":{"rendered":"\/stories\/cidades-mais-artisticas-do-brasil\/"},"modified":"2017-09-19T13:00:08","modified_gmt":"2017-09-19T13:00:08","slug":"cidades-mais-artisticas-do-brasil","status":"publish","type":"post","link":"https:\/\/www.expedia.com.br\/stories\/cidades-mais-artisticas-do-brasil\/","title":{"rendered":"Cidades mais art\u00edsticas do Brasil"},"content":{"rendered":"<p>A arte por si s\u00f3 j\u00e1 combina uma mistura de express\u00f5es que tem o poder de gerar sentimentos e experi\u00eancias \u00fanicas com aquela pitada do desconhecido. Os amantes da arte, viajantes e curiosos que se aventuram em busca de novidade e informa\u00e7\u00e3o, t\u00eam uma grande variedade de espa\u00e7os e lugares para encontrar muita coisa interessante desde as grandes metr\u00f3poles at\u00e9 pequenas cidades que escondem pe\u00e7as e hist\u00f3rias sem fim.<\/p>\n<p>Assim, n\u00f3s combinamos uma lista de lugares capazes de proporcionar uma viagem surpreendente pela riqueza da arte brasileira. Dividindo por popula\u00e7\u00e3o*, sendo pequena (de 10.000 a 100.000), m\u00e9dia (de 101.000 a 350.000) e grande (de 351.000 a 1 milh\u00e3o), essas cidades s\u00e3o exemplos de uma composi\u00e7\u00e3o em perfeita harmonia. Estamos falando desde as populares feiras de rua, monumentos, arquitetura, museus e galerias, at\u00e9 festivais internacionais. Lembrando que consideramos apenas cidades com menos de 1 milh\u00e3o de pessoas, confira o que destacamos do que h\u00e1 de melhor para conhecer no quesito arte pelo Brasil.<\/p>\n<p>&nbsp;<\/p>\n<p><em><strong><u>Pequena<\/u><\/strong><\/em><\/p>\n<p><strong>Morretes, Paran\u00e1<\/strong><\/p>\n<p>Popula\u00e7\u00e3o: 15.718<\/p>\n<p>Ainda que as paisagens por aqui mere\u00e7am ser enaltecidas como uma arte da m\u00e3e natureza, a cidade do imponente pico do Marumbi e do magn\u00edfico rio Nhundiaquara \u00e9 tamb\u00e9m a casa de um dos eventos mais importantes do litoral paranaense. A Festa Feira Agr\u00edcola e Artesanal acontece h\u00e1 mais de 30 anos no cal\u00e7ad\u00e3o do centro hist\u00f3rico de Morretes, combinando o artesanato local, exposi\u00e7\u00f5es e vendas de produtos, oficinas e apresenta\u00e7\u00f5es culturais.<\/p>\n<p><img loading=\"lazy\" decoding=\"async\" class=\"alignnone size-full wp-image-18861\" src=\"\/stories\/wp-content\/uploads\/2021\/11\/Resize-Body-01-Morretes.jpg\" alt=\"\" width=\"1000\" height=\"667\" \/><\/p>\n<p><strong>Brumadinho, Minas Gerais<\/strong><\/p>\n<p>Popula\u00e7\u00e3o: 33.973<\/p>\n<p>A apenas 60 quil\u00f4metros da capital mineira, a simp\u00e1tica Brumadinho exibe com orgulho um dos centros de arte contempor\u00e2nea mais importantes do mundo. O Instituto Inhotim apresenta o arranjo perfeito entre museu e jardim bot\u00e2nico. O acervo com centenas de obras de arte est\u00e1 espalhado pelas 22 galerias al\u00e9m das exposi\u00e7\u00f5es pelos lind\u00edssimos jardins.<\/p>\n<figure id=\"attachment_18862\" aria-describedby=\"caption-attachment-18862\" style=\"width: 1000px\" class=\"wp-caption alignnone\"><img loading=\"lazy\" decoding=\"async\" class=\"wp-image-18862 size-full\" src=\"\/stories\/wp-content\/uploads\/2021\/11\/Resize-Body-02-Brumadinho.jpg\" alt=\"\" width=\"1000\" height=\"750\" \/><figcaption id=\"caption-attachment-18862\" class=\"wp-caption-text\">Flickr via Vinicius Depizzol (https:\/\/flic.kr\/p\/aShoxR)<\/figcaption><\/figure>\n<p><strong>Diamantina, Minas Gerais<\/strong><\/p>\n<p>Popula\u00e7\u00e3o: 45.880<\/p>\n<p>Famosa pela descoberta de pedras preciosas ainda no s\u00e9culo 18, Diamantina recebeu o t\u00edtulo de Patrim\u00f4nio Cultural da Humanidade em 1999.\u00a0 Al\u00e9m do seu casario colonial intocado, a arte por l\u00e1 se apresenta entre notas musicais. A Seresta percorre as ruas da cidade com serenatas apresentadas nos casar\u00f5es do centro hist\u00f3rico todo m\u00eas. A Vesperata lota a Rua da Quitanda com um dos espet\u00e1culos mais originais orquestrados por bandas de diversos g\u00eaneros. E ainda tem o Circuito dos Corais que ocorre na primeira semana de setembro. Todos imperd\u00edveis!<\/p>\n<p><strong>Canoinhas, Santa Catarina<\/strong><\/p>\n<p>Popula\u00e7\u00e3o: 52.765<\/p>\n<p>Com pouco mais de 50 mil habitantes, a pequena Canoinhas que fez parte da rota dos tropeiros no s\u00e9culo XIX, ainda guarda muitas mem\u00f3rias dedicadas \u00e0 extra\u00e7\u00e3o de erva-mate. Inclusive, para comemorar o anivers\u00e1rio da cidade, todo ano em setembro acontece a tradicional Festa Estadual da Erva-mate (Fesmate) com shows, gastronomia t\u00edpica, expofeira e muitas atra\u00e7\u00f5es culturais. Um evento bem peculiar \u00e9 o Acordeon Festival que j\u00e1 vai para sua quinta edi\u00e7\u00e3o. Geralmente organizado em maio, as apresenta\u00e7\u00f5es de choros, chamam\u00e9s e xotes reinventados pelos artistas s\u00e3o fora de s\u00e9rie.<\/p>\n<p><strong>Mafra, Santa Catarina<\/strong><\/p>\n<p>Popula\u00e7\u00e3o: 52.912<\/p>\n<p>Colonizada por v\u00e1rias etnias, Mafra mant\u00e9m suas tradi\u00e7\u00f5es em centros culturais e grupos folcl\u00f3ricos: como o alem\u00e3o Bucovino Boarischer Wind e o ucraniano Vesn\u00e1. A cidade tamb\u00e9m se orgulha do apelido de \u201couro verde\u201d pela tradi\u00e7\u00e3o da cultura de erva-mate, assim como sua produ\u00e7\u00e3o de mel, considerada uma das melhores do mundo. No artesanato, destaque para as t\u00e9cnicas de trabalho e mat\u00e9rias primas como a juta e a palha de milho \u2013 onde \u00e9 poss\u00edvel apreciar de perto na Casa Meinrad A. F. Horn.<\/p>\n<figure id=\"attachment_18872\" aria-describedby=\"caption-attachment-18872\" style=\"width: 1024px\" class=\"wp-caption alignnone\"><img loading=\"lazy\" decoding=\"async\" class=\"size-full wp-image-18872\" src=\"\/stories\/wp-content\/uploads\/2021\/11\/Casa-da-Cultura-2005-Credito_arquivo-Prefeitura-de-Mafra.jpg\" alt=\"\" width=\"1024\" height=\"680\" \/><figcaption id=\"caption-attachment-18872\" class=\"wp-caption-text\">Casa da Cultura &#8211; Cr\u00e9dito: Arquivo Prefeitura de Mafra<\/figcaption><\/figure>\n<p><strong>Mariana, Minas Gerais<\/strong><\/p>\n<p>Popula\u00e7\u00e3o: 54.219<\/p>\n<p>Desde 2008, a primeira vila do estado de Minas Gerais \u00e9 o picadeiro principal do Circovolante &#8211; o Encontro Internacional de Palha\u00e7os. Reconhecido como um dos mais importantes do g\u00eanero no Brasil, o evento traz um colorido todo especial para a cidade em meio aos espet\u00e1culos, shows, exposi\u00e7\u00f5es, palestras e debates. Na lista de patrim\u00f4nios culturais, destaque para o Museu de Arte Sacra e o Museu da M\u00fasica, \u00fanico do g\u00eanero na Am\u00e9rica.<\/p>\n<figure id=\"attachment_18863\" aria-describedby=\"caption-attachment-18863\" style=\"width: 1000px\" class=\"wp-caption alignnone\"><img loading=\"lazy\" decoding=\"async\" class=\"wp-image-18863 size-full\" src=\"\/stories\/wp-content\/uploads\/2021\/11\/Resize-Body-03-Mariana.jpg\" alt=\"\" width=\"1000\" height=\"563\" \/><figcaption id=\"caption-attachment-18863\" class=\"wp-caption-text\">Museu da M\u00fasica &#8211; Flickr via Enzo Santos (https:\/\/flic.kr\/p\/a7VRVi)<\/figcaption><\/figure>\n<p><strong>Francisco Beltr\u00e3o, Paran\u00e1<\/strong><\/p>\n<p>Popula\u00e7\u00e3o: 78.943<\/p>\n<p>A maior\u00a0cidade\u00a0da\u00a0Mesorregi\u00e3o do Sudoeste Paranaense conta sua bel\u00edssima hist\u00f3ria atrav\u00e9s do precioso acervo do Museu do Colonizador, localizado dentro do Parque de Exposi\u00e7\u00f5es Jaime Canet J\u00fanior, no pr\u00e9dio do que um dia foi uma das primeiras casas da cidade. O Espa\u00e7o da Arte Eunice Sartori concentra os eventos culturais, exposi\u00e7\u00f5es e espet\u00e1culos.<\/p>\n<p>&nbsp;<\/p>\n<p><em><strong><u>M\u00e9dia<\/u><\/strong><\/em><\/p>\n<p><strong>Toledo, Paran\u00e1<\/strong><\/p>\n<p>Popula\u00e7\u00e3o: 119.313<\/p>\n<p>Al\u00e9m das atra\u00e7\u00f5es em meio as belezas do Rio S\u00e3o Francisco, a aten\u00e7\u00e3o na cidade \u00e9 voltada para alguns eventos culturais como o Festival de Inverno regado de muita m\u00fasica, exposi\u00e7\u00f5es de artistas pl\u00e1sticos, feira do livro, sess\u00f5es de cinema e artesanato a perder de visa. Outra programa\u00e7\u00e3o incr\u00edvel \u00e9 o projeto \u201cArte na Pra\u00e7a\u201d, que apresenta oficinas de Xilogravura, grafitagem, performances art\u00edsticas e muita anima\u00e7\u00e3o.<\/p>\n<figure id=\"attachment_18864\" aria-describedby=\"caption-attachment-18864\" style=\"width: 1000px\" class=\"wp-caption alignnone\"><img loading=\"lazy\" decoding=\"async\" class=\"wp-image-18864 size-full\" src=\"\/stories\/wp-content\/uploads\/2021\/11\/Resize-Body-04-Toledo.jpg\" alt=\"\" width=\"1000\" height=\"750\" \/><figcaption id=\"caption-attachment-18864\" class=\"wp-caption-text\">Casa da Cultura &#8211; Flickr via Breno Ottoni Fragiorge (https:\/\/flic.kr\/p\/oLYyUb)<\/figcaption><\/figure>\n<p><strong>Po\u00e7os de Caldas, Minas Gerais<\/strong><\/p>\n<p>Popula\u00e7\u00e3o: 152.435<\/p>\n<p>L\u00e1 no sul de Minas Gerais, na regi\u00e3o da serra da Mantiqueira, o ritmo \u00e9 imposto pela Orquestra Sinf\u00f4nica de Po\u00e7os de Caldas durante a Sinfonia das\u00a0\u00c1guas. Um musical surpreendente com muitos efeitos especiais, ilumina\u00e7\u00e3o e um repert\u00f3rio ecl\u00e9tico que vai desde mestres eruditos, passando por tangos, trilhas de filmes e cl\u00e1ssicos\u00a0folcl\u00f3ricos. A arte musical continua todas as sextas, s\u00e1bados e domingos com o Grupo de Serestas no Coreto da Pra\u00e7a Pedro Sanches,<\/p>\n<p><strong>Ilh\u00e9us, Bahia<\/strong><\/p>\n<p>Popula\u00e7\u00e3o: 184.236<\/p>\n<p>A \u201cPrincesinha do Sul\u201d pode ser a refer\u00eancia das obras do ilustre Jorge Amado, assim como a \u201ccapital do cacau\u201d. Na arte gastron\u00f4mica, a cidade possui a primeira f\u00e1brica de chocolate artesanal do norte\/nordeste. A Pra\u00e7a do Cacau tamb\u00e9m entra no conjunto expondo quase 100 tipos de cacaueiros de todo o mundo, al\u00e9m do acervo exclusivo do Museu Regional do Cacau. Para sacudir o esqueleto, no ver\u00e3o acontece o Festival de Cultura Popular com a tradi\u00e7\u00e3o das feiras de cordel, samba de roda e diversas outras express\u00f5es da cultura regional.<\/p>\n<p><strong>Passo Fundo, Rio Grande do Sul<\/strong><\/p>\n<p>Popula\u00e7\u00e3o: 184.826<\/p>\n<p>Para quem \u00e9 considerada a Capital Estadual da Literatura, as jornadas liter\u00e1rias de Passo Fundo n\u00e3o podiam estar em outra posi\u00e7\u00e3o, mas entre as maiores movimenta\u00e7\u00f5es do g\u00eanero na Am\u00e9rica Latina. A Feira do Livro acontece todos os anos entre os meses de novembro e dezembro e, em comemora\u00e7\u00e3o ao anivers\u00e1rio da cidade, em agosto acontece o Passo Fundo em Cena \u2013 Mostra de Teatro, com muitos espet\u00e1culos, oficinas teatrais, de circo e dan\u00e7a. Tudo gratuito!<\/p>\n<figure id=\"attachment_18855\" aria-describedby=\"caption-attachment-18855\" style=\"width: 1000px\" class=\"wp-caption alignnone\"><img loading=\"lazy\" decoding=\"async\" class=\"wp-image-18855 size-full\" src=\"\/stories\/wp-content\/uploads\/2021\/11\/Resize-Body-05-Passo-Fundo.jpg\" alt=\"\" width=\"1000\" height=\"403\" \/><figcaption id=\"caption-attachment-18855\" class=\"wp-caption-text\">Pra\u00e7a da Cuia &#8211; Flickr via Alexsander Martins Cruz (https:\/\/flic.kr\/p\/7AGoFS)<\/figcaption><\/figure>\n<p><strong>Cabo Frio, Rio de Janeiro<\/strong><\/p>\n<p>Popula\u00e7\u00e3o: 186.227<\/p>\n<p>Como n\u00e3o podia deixar de ser, a cidade da Regi\u00e3o dos Lagos do Rio de Janeiro exibe orgulhosa o seu fascinante acervo de pranchas, trof\u00e9us e documentos no Museu do Surf. Para conferir o artesanato local, as feiras do Boulevard Canal ou a rec\u00e9m inaugurada do Centro Cultural Anderson Gigabyte s\u00e3o as mais concorridas. Destaque na hist\u00f3ria da coloniza\u00e7\u00e3o de Cabo Frio, o Museu de Arte Religiosa e Tradicional \u00e9 tamb\u00e9m um valioso exemplar da arquitetura franciscana.<\/p>\n<p><strong>Crici\u00fama, Santa Catarina<\/strong><\/p>\n<p>Popula\u00e7\u00e3o: 192.308<\/p>\n<p>Orgulhosa de suas ra\u00edzes, a cidade mais populosa do sul catarinense comemora sua tradi\u00e7\u00e3o de forma animada, h\u00e1 mais de 20 anos, com a Festa das Etnias. A poesia e a melodia tamb\u00e9m sempre fizeram parte da hist\u00f3ria de Crici\u00fama atrav\u00e9s das serestas e dos violeiros da \u00e9poca. Mantendo o ritmo, o Festival Internacional de Corais \u00e9 um dos eventos mais esperados do ano, que acontece na \u00faltima semana de novembro.<\/p>\n<figure id=\"attachment_18865\" aria-describedby=\"caption-attachment-18865\" style=\"width: 1600px\" class=\"wp-caption alignnone\"><img loading=\"lazy\" decoding=\"async\" class=\"size-full wp-image-18865\" src=\"\/stories\/wp-content\/uploads\/2021\/11\/capelinha-Novo-Hamburgo-carol-gibowski.jpg\" alt=\"\" width=\"1600\" height=\"1066\" \/><figcaption id=\"caption-attachment-18865\" class=\"wp-caption-text\">Capelinha &#8211; Foto por: Carol Gibowski<\/figcaption><\/figure>\n<p><strong>Colombo, Paran\u00e1<\/strong><\/p>\n<p>Popula\u00e7\u00e3o: 212.967<\/p>\n<p>No contraste \u00fanico entre os cen\u00e1rios rurais e urbanos, sem d\u00favida as caracter\u00edsticas dos imigrantes italianos est\u00e3o por todos os lados de Colombo \u2013 inclusive nos pr\u00f3prios <a href=\"https:\/\/www.expedia.com.br\/Curitiba-Hoteis.d951.Guia-de-Hoteis\" target=\"_blank\" rel=\"noopener\">hot\u00e9is em Curitiba<\/a> da regi\u00e3o. Um outro bom exemplo \u00e9 o Circuito de Turismo Rural que visita 29 lugares em um passeio repleto de boas surpresas. A La Casa Artesanato tem v\u00e1rias pe\u00e7as bacanas e lembran\u00e7as da cidade; e a Casa da Cultura \u00e9 um anexo do Parque Municipal da Uva, onde tamb\u00e9m est\u00e3o o Museu Municipal e os memoriais do Imigrante Italiano e \u00cdtalo-Polon\u00eas.<\/p>\n<p><strong>Novo Hamburgo, Rio Grande do Sul <\/strong><\/p>\n<p>Popula\u00e7\u00e3o: 238.940<\/p>\n<p>\u00c9 f\u00e1cil se apaixonar pelo clima acolhedor em qualquer breve caminhada pelas ruas do centro hist\u00f3rico, apreciando as riquezas dos detalhes do preservado casario da cidade. Tombada como patrim\u00f4nio hist\u00f3rico e art\u00edstico nacional, a Casa Schmitt-Presser \u00e9 um dos mais antigos exemplares da arquitetura enxaimel. Famosa pela produ\u00e7\u00e3o de sapatos, Novo Hamburgo abriga o\u00a0Museu Nacional do Cal\u00e7ado e, todos os anos em setembro, a Festa Nacional do Cal\u00e7ado movimenta a regi\u00e3o metropolitana de Porto Alegre.<\/p>\n<p><strong>Embu das Artes, S\u00e3o Paulo<\/strong><\/p>\n<p>Popula\u00e7\u00e3o: 240.230<\/p>\n<p>N\u00e3o foi \u00e0 toa que o sobrenome \u201cDas Artes\u201d passou oficialmente a fazer parte do nome da cidade &#8211; que at\u00e9 2011 se chamava apenas Embu. Reconhecida como polo de artesanato do Estado de S\u00e3o Paulo, l\u00e1 n\u00e3o precisa procurar muito, a arte est\u00e1 em todos os cantos. A\u00a0Feira de Artes e Artesanato acontece no centro todos os fins de semana, desde 1969. Para distrair as crian\u00e7as tem a Cidade das Abelhas que \u00e9 um misto de museu e playground. Vale a pena!<\/p>\n<figure id=\"attachment_18856\" aria-describedby=\"caption-attachment-18856\" style=\"width: 3660px\" class=\"wp-caption alignnone\"><img loading=\"lazy\" decoding=\"async\" class=\"wp-image-18856 size-full\" src=\"\/stories\/wp-content\/uploads\/2021\/11\/Resize-Body-06-Embu-Das-Artes-scaled.jpg\" alt=\"\" width=\"3660\" height=\"2450\" \/><figcaption id=\"caption-attachment-18856\" class=\"wp-caption-text\">Flickr via Apolo Salm\u00e3o Sales (https:\/\/flic.kr\/p\/k7YmLU)<\/figcaption><\/figure>\n<p><strong>Juazeiro do Norte, Cear\u00e1<\/strong><\/p>\n<p>Popula\u00e7\u00e3o: 249.939<\/p>\n<p>Considerada uma das maiores expoentes de manifesta\u00e7\u00e3o cultural, Juazeiro do Norte respira religi\u00e3o, principalmente em refer\u00eancia \u00e0 figura do Padre C\u00edcero \u2013 o maior mito da religiosidade nordestina. O artesanato \u00e9 uma das suas principais atividades combinando madeira, palha, couro, barro, ferro e gesso, al\u00e9m da literatura de cordel que d\u00e1 for\u00e7a \u00e0 xilogravura.<\/p>\n<figure id=\"attachment_18857\" aria-describedby=\"caption-attachment-18857\" style=\"width: 1000px\" class=\"wp-caption alignnone\"><img loading=\"lazy\" decoding=\"async\" class=\"wp-image-18857 size-full\" src=\"\/stories\/wp-content\/uploads\/2021\/11\/Resize-Body-07-Juazeiro-do-Norte.jpg\" alt=\"\" width=\"1000\" height=\"667\" \/><figcaption id=\"caption-attachment-18857\" class=\"wp-caption-text\">Est\u00e1tua do Padre C\u00edcero &#8211; Flickr via P@wlyN RL (https:\/\/flic.kr\/p\/6AwZtN)<\/figcaption><\/figure>\n<p><strong>Mossor\u00f3, Rio Grande do Norte<\/strong><\/p>\n<p>Popula\u00e7\u00e3o: 259.815<\/p>\n<p>A \u201cCapital da Cultura\u201d do Rio Grande do Norte re\u00fane uma infinidade de tesouros e enche a boca pra falar da sua famosa festa junina, montada na Esta\u00e7\u00e3o das Artes com uma programa\u00e7\u00e3o muito animada. A Avenida Rio Branco \u00e9 considerada o corredor cultural da cidade e concentra atra\u00e7\u00f5es exclusivas como a Pra\u00e7a das Crian\u00e7as, um espa\u00e7o especial com brinquedos tem\u00e1ticos. Entre tantas outras atra\u00e7\u00f5es, o Memorial da Resist\u00eancia e o Museu da Soledade merecem uma visita.<\/p>\n<figure id=\"attachment_18858\" aria-describedby=\"caption-attachment-18858\" style=\"width: 1000px\" class=\"wp-caption alignnone\"><img loading=\"lazy\" decoding=\"async\" class=\"wp-image-18858 size-full\" src=\"\/stories\/wp-content\/uploads\/2021\/11\/Resize-Body-08-Mossoro.jpg\" alt=\"\" width=\"1000\" height=\"665\" \/><figcaption id=\"caption-attachment-18858\" class=\"wp-caption-text\">Flickr via Sonia Furtado (https:\/\/flic.kr\/p\/8nWfDQ)<\/figcaption><\/figure>\n<p><strong>Taubat\u00e9, S\u00e3o Paulo<\/strong><\/p>\n<p>Popula\u00e7\u00e3o: 278.686<\/p>\n<p>Cen\u00e1rio da origem das obras de Monteiro Lobato e cidade natal do escritor, Taubat\u00e9 \u00e9 tamb\u00e9m reconhecida como a Capital Nacional da Literatura Infantil. Todos os anos em abril, a Semana Monteiro Lobato tem uma intensa programa\u00e7\u00e3o baseada no mundo encantado do autor, que acontece exatamente nas depend\u00eancias do S\u00edtio do Picapau Amarelo.<\/p>\n<p><strong>Cascavel, Paran\u00e1<\/strong><\/p>\n<p>Popula\u00e7\u00e3o: 286.205<\/p>\n<p>Al\u00e9m de suas not\u00f3rias e lindas pra\u00e7as, os festivais art\u00edsticos s\u00e3o os destaques da agrad\u00e1vel Cascavel, na regi\u00e3o oeste do Paran\u00e1. Entre os meses de junho e setembro acontecem os Festivais de M\u00fasica, de Dan\u00e7a e de Cinema, que deixam a cidade super movimentada. Durante o feriado de 12 de outubro, dia da Nossa Senhora Aparecida, a Festa da Padroeira (tamb\u00e9m conhecida como Festa das Col\u00f4nias) lota o cal\u00e7ad\u00e3o da Avenida Brasil com shows, apresenta\u00e7\u00f5es art\u00edsticas e a deliciosa culin\u00e1ria local.<\/p>\n<p><strong>Canoas, Rio Grande do Sul \u00a0 \u00a0 \u00a0 \u00a0 \u00a0 \u00a0 \u00a0 \u00a0 \u00a0 \u00a0 \u00a0 \u00a0 \u00a0 \u00a0 \u00a0 \u00a0 \u00a0 \u00a0 \u00a0 \u00a0 \u00a0 \u00a0 \u00a0 \u00a0 \u00a0 \u00a0 \u00a0 \u00a0 \u00a0 \u00a0 \u00a0 \u00a0 \u00a0 \u00a0 <\/strong><\/p>\n<p>Popula\u00e7\u00e3o: 323.827<\/p>\n<p>A paix\u00e3o por avi\u00f5es fica expl\u00edcita quando se chega em Canoas. Sede do 5\u00ba Comando A\u00e9reo Regional e de uma Base A\u00e9rea da FAB, a cidade \u00e9 conhecida como a &#8220;terra do avi\u00e3o&#8221; e todos os anos, no dia 12 de outubro, a cidade \u00e9 sede da Expoaer com exposi\u00e7\u00f5es de avi\u00f5es militares e civis. Com os p\u00e9s no ch\u00e3o, a Feira do Livro que acontece h\u00e1 mais de 30 anos integra conta\u00e7\u00e3o de hist\u00f3rias, pe\u00e7as teatrais e troca de livros.<\/p>\n<p>&nbsp;<\/p>\n<p><em><strong><u>Grande<\/u><\/strong><\/em><\/p>\n<p><strong>Ribeir\u00e3o Preto, S\u00e3o Paulo<\/strong><\/p>\n<p>Popula\u00e7\u00e3o: 604.682<\/p>\n<p>Uma das cidades mais ricas do interior paulista enaltece a arte de v\u00e1rias formas. Celebrando a m\u00fasica erudita, palmas para o Festival Fiato al Brasile com concertos e atra\u00e7\u00f5es gratuitas abertos ao p\u00fablico. A Virada Cultural passa por Ribeir\u00e3o entre abril e maio com atra\u00e7\u00f5es no Teatro Municipal e shows no Morro do S\u00e3o Bento.\u00a0E o Museu Portinari, localizado no distrito vizinho de Brodowski, \u00e9 uma maravilhosa homenagem ao pintor, poeta, pol\u00edtico e desenhista que viveu sua inf\u00e2ncia e juventude na cidade.<\/p>\n<p><strong>Jaboat\u00e3o dos Guararapes, Pernambuco<\/strong><\/p>\n<p>Popula\u00e7\u00e3o: 644.620<\/p>\n<p>A hist\u00f3rica cidade que foi palco da\u00a0Batalha dos Guararapes, tamb\u00e9m se envaidece por sua refer\u00eancia art\u00edstica e cultural \u2013 ali\u00e1s a cidade \u00e9 sempre uma boa op\u00e7\u00e3o de <a href=\"https:\/\/www.expedia.com.br\/Recife-Hoteis.d6053175.Guia-de-Hoteis\" target=\"_blank\" rel=\"noopener\">onde ficar em Recife<\/a>. A Oficina de Formas exp\u00f5e telas e cer\u00e2micas; e os produtos do Mercado de S\u00e3o Jos\u00e9 e do Centro de Artesanato de Pernambuco s\u00e3o exemplos do artesanato t\u00edpico, como os brinquedos populares esculpidos em madeira. E para matar a sede, a cervejaria DeBron Bier colocou Pernambuco no mapa brasileiro das produtoras de cervejas artesanais.<\/p>\n<figure id=\"attachment_18859\" aria-describedby=\"caption-attachment-18859\" style=\"width: 800px\" class=\"wp-caption alignnone\"><img loading=\"lazy\" decoding=\"async\" class=\"wp-image-18859 size-full\" src=\"\/stories\/wp-content\/uploads\/2021\/11\/Resize-Body-09-Jaboatao-dos-Guararapes.jpg\" alt=\"\" width=\"800\" height=\"533\" \/><figcaption id=\"caption-attachment-18859\" class=\"wp-caption-text\">Biblioteca Municipal &#8211; Flickr via Portal Banco Cultural (https:\/\/flic.kr\/p\/88uxjN)<\/figcaption><\/figure>\n<p><strong>Jo\u00e3o Pessoa, Para\u00edba<\/strong><\/p>\n<p>Popula\u00e7\u00e3o: 723.515<\/p>\n<p>Longe das praias, que s\u00e3o um dos v\u00e1rios motivos que deu a Jo\u00e3o Pessoa o t\u00edtulo de uma das cidades mais bonitas do Brasil, o Centro Hist\u00f3rico \u00e9 uma atra\u00e7\u00e3o \u00e0 parte. O projeto Sereias da Penha apadrinha as artes\u00e3s que produzem as incr\u00edveis bioj\u00f3ias com escamas e couro de peixe. Reunindo uma infinidade de pe\u00e7as e produtos locais, o Mercado de Artesanato Paraibano e a Feirinha de Artesanato de Tamba\u00fa, na Pra\u00e7a Santo Ant\u00f4nio, s\u00e3o as melhores op\u00e7\u00f5es para apreciar a arte t\u00edpica paraibana.<\/p>\n<p><strong>Teresina, Piau\u00ed<\/strong><\/p>\n<p>Popula\u00e7\u00e3o: 814.230<\/p>\n<p>A arte do folclore piauiense est\u00e1 enraizada nas express\u00f5es do Bumba-Meu-Boi e do Reisado. O Encontro Nacional de Folguedos \u00e9 a prova dessa riqueza cultural com apresenta\u00e7\u00f5es bel\u00edssimas, al\u00e9m de muitas outras atividades durante os tr\u00eas dias de evento. O bairro Poti Velho concentra a tradi\u00e7\u00e3o das oficinas de argila que produzem verdadeiras obras de arte. E em frente \u00e0 Pra\u00e7a Pedro II, a Central de Artesanato Mestre Dezinho integra o complexo cultural do centro da cidade com produtos artesanais confeccionados a base de fibras, couro e talos de buriti.<\/p>\n<p>&nbsp;<\/p>\n<p>*Popula\u00e7\u00e3o de acordo com o Censo 2010<\/p>\n","protected":false},"excerpt":{"rendered":"<p>A arte por si s\u00f3 j\u00e1 combina uma mistura de express\u00f5es que tem o poder de gerar sentimentos e experi\u00eancias \u00fanicas com aquela pitada do desconhecido. Os amantes da arte, viajantes e curiosos que se aventuram em busca de novidade e informa\u00e7\u00e3o, t\u00eam uma grande variedade de espa\u00e7os e lugares para encontrar muita coisa interessante&hellip; <a class=\"more-link\" href=\"https:\/\/www.expedia.com.br\/stories\/cidades-mais-artisticas-do-brasil\/\">Continue reading <span class=\"screen-reader-text\">Cidades mais art\u00edsticas do Brasil<\/span><\/a><\/p>\n","protected":false},"author":5,"featured_media":7229,"comment_status":"open","ping_status":"open","sticky":false,"template":"","format":"standard","meta":{"_acf_changed":false,"footnotes":""},"categories":[61],"tags":[303,64],"authors":[],"class_list":["post-7217","post","type-post","status-publish","format-standard","has-post-thumbnail","hentry","category-dicas-de-viagem","tag-feature","tag-featured","entry"],"acf":[],"yoast_head":"<!-- This site is optimized with the Yoast SEO plugin v23.3 - https:\/\/yoast.com\/wordpress\/plugins\/seo\/ -->\n<title>Cidades mais art\u00edsticas do Brasil | Expedia<\/title>\n<meta name=\"robots\" content=\"index, follow, max-snippet:-1, max-image-preview:large, max-video-preview:-1\" \/>\n<link rel=\"canonical\" href=\"https:\/\/www.expedia.com.br\/stories\/cidades-mais-artisticas-do-brasil\/\" \/>\n<meta property=\"og:locale\" content=\"en_US\" \/>\n<meta property=\"og:type\" content=\"article\" \/>\n<meta property=\"og:title\" content=\"Cidades mais art\u00edsticas do Brasil | Expedia\" \/>\n<meta property=\"og:description\" content=\"A arte por si s\u00f3 j\u00e1 combina uma mistura de express\u00f5es que tem o poder de gerar sentimentos e experi\u00eancias \u00fanicas com aquela pitada do desconhecido. Os amantes da arte, viajantes e curiosos que se aventuram em busca de novidade e informa\u00e7\u00e3o, t\u00eam uma grande variedade de espa\u00e7os e lugares para encontrar muita coisa interessante&hellip; Continue reading Cidades mais art\u00edsticas do Brasil\" \/>\n<meta property=\"og:url\" content=\"https:\/\/www.expedia.com.br\/stories\/cidades-mais-artisticas-do-brasil\/\" \/>\n<meta property=\"og:site_name\" content=\"Expedia BR Stories\" \/>\n<meta property=\"article:published_time\" content=\"2017-09-19T13:00:08+00:00\" \/>\n<meta property=\"og:image\" content=\"https:\/\/www.expedia.com.br\/stories\/wp-content\/uploads\/2021\/11\/Resize-Header-Art-Towns.jpg\" \/>\n\t<meta property=\"og:image:width\" content=\"1000\" \/>\n\t<meta property=\"og:image:height\" content=\"800\" \/>\n\t<meta property=\"og:image:type\" content=\"image\/jpeg\" \/>\n<meta name=\"author\" content=\"agray\" \/>\n<meta name=\"twitter:card\" content=\"summary_large_image\" \/>\n<meta name=\"twitter:label1\" content=\"Written by\" \/>\n\t<meta name=\"twitter:data1\" content=\"agray\" \/>\n\t<meta name=\"twitter:label2\" content=\"Est. reading time\" \/>\n\t<meta name=\"twitter:data2\" content=\"13 minutes\" \/>\n<script type=\"application\/ld+json\" class=\"yoast-schema-graph\">{\"@context\":\"https:\/\/schema.org\",\"@graph\":[{\"@type\":\"WebPage\",\"@id\":\"https:\/\/www.expedia.com.br\/stories\/cidades-mais-artisticas-do-brasil\/\",\"url\":\"https:\/\/www.expedia.com.br\/stories\/cidades-mais-artisticas-do-brasil\/\",\"name\":\"Cidades mais art\u00edsticas do Brasil | Expedia\",\"isPartOf\":{\"@id\":\"https:\/\/www.expedia.com.br\/stories\/#website\"},\"primaryImageOfPage\":{\"@id\":\"https:\/\/www.expedia.com.br\/stories\/cidades-mais-artisticas-do-brasil\/#primaryimage\"},\"image\":{\"@id\":\"https:\/\/www.expedia.com.br\/stories\/cidades-mais-artisticas-do-brasil\/#primaryimage\"},\"thumbnailUrl\":\"https:\/\/www.expedia.com.br\/stories\/wp-content\/uploads\/2021\/11\/Resize-Header-Art-Towns.jpg\",\"datePublished\":\"2017-09-19T13:00:08+00:00\",\"dateModified\":\"2017-09-19T13:00:08+00:00\",\"author\":{\"@id\":\"https:\/\/www.expedia.com.br\/stories\/#\/schema\/person\/263d827ac415645fdb446addb27341c6\"},\"breadcrumb\":{\"@id\":\"https:\/\/www.expedia.com.br\/stories\/cidades-mais-artisticas-do-brasil\/#breadcrumb\"},\"inLanguage\":\"en-US\",\"potentialAction\":[{\"@type\":\"ReadAction\",\"target\":[\"https:\/\/www.expedia.com.br\/stories\/cidades-mais-artisticas-do-brasil\/\"]}]},{\"@type\":\"ImageObject\",\"inLanguage\":\"en-US\",\"@id\":\"https:\/\/www.expedia.com.br\/stories\/cidades-mais-artisticas-do-brasil\/#primaryimage\",\"url\":\"https:\/\/www.expedia.com.br\/stories\/wp-content\/uploads\/2021\/11\/Resize-Header-Art-Towns.jpg\",\"contentUrl\":\"https:\/\/www.expedia.com.br\/stories\/wp-content\/uploads\/2021\/11\/Resize-Header-Art-Towns.jpg\",\"width\":1000,\"height\":800},{\"@type\":\"BreadcrumbList\",\"@id\":\"https:\/\/www.expedia.com.br\/stories\/cidades-mais-artisticas-do-brasil\/#breadcrumb\",\"itemListElement\":[{\"@type\":\"ListItem\",\"position\":1,\"name\":\"Explore\",\"item\":\"https:\/\/www.expedia.com.br\/stories\/\"},{\"@type\":\"ListItem\",\"position\":2,\"name\":\"Dicas de viagem\",\"item\":\"https:\/\/www.expedia.com.br\/stories\/dicas-de-viagem\/\"},{\"@type\":\"ListItem\",\"position\":3,\"name\":\"Cidades mais art\u00edsticas do Brasil\"}]},{\"@type\":\"WebSite\",\"@id\":\"https:\/\/www.expedia.com.br\/stories\/#website\",\"url\":\"https:\/\/www.expedia.com.br\/stories\/\",\"name\":\"Expedia BR Stories\",\"description\":\"Just another WordPress site\",\"potentialAction\":[{\"@type\":\"SearchAction\",\"target\":{\"@type\":\"EntryPoint\",\"urlTemplate\":\"https:\/\/www.expedia.com.br\/stories\/?s={search_term_string}\"},\"query-input\":\"required name=search_term_string\"}],\"inLanguage\":\"en-US\"},{\"@type\":\"Person\",\"@id\":\"https:\/\/www.expedia.com.br\/stories\/#\/schema\/person\/263d827ac415645fdb446addb27341c6\",\"name\":\"agray\",\"image\":{\"@type\":\"ImageObject\",\"inLanguage\":\"en-US\",\"@id\":\"https:\/\/www.expedia.com.br\/stories\/#\/schema\/person\/image\/\",\"url\":\"https:\/\/secure.gravatar.com\/avatar\/93806db7c66e1d34e1265dcbfee63f26?s=96&d=mm&r=g\",\"contentUrl\":\"https:\/\/secure.gravatar.com\/avatar\/93806db7c66e1d34e1265dcbfee63f26?s=96&d=mm&r=g\",\"caption\":\"agray\"},\"url\":\"https:\/\/www.expedia.com.br\/stories\/author\/agray\/\"}]}<\/script>\n<!-- \/ Yoast SEO plugin. -->","yoast_head_json":{"title":"Cidades mais art\u00edsticas do Brasil | Expedia","robots":{"index":"index","follow":"follow","max-snippet":"max-snippet:-1","max-image-preview":"max-image-preview:large","max-video-preview":"max-video-preview:-1"},"canonical":"https:\/\/www.expedia.com.br\/stories\/cidades-mais-artisticas-do-brasil\/","og_locale":"en_US","og_type":"article","og_title":"Cidades mais art\u00edsticas do Brasil | Expedia","og_description":"A arte por si s\u00f3 j\u00e1 combina uma mistura de express\u00f5es que tem o poder de gerar sentimentos e experi\u00eancias \u00fanicas com aquela pitada do desconhecido. Os amantes da arte, viajantes e curiosos que se aventuram em busca de novidade e informa\u00e7\u00e3o, t\u00eam uma grande variedade de espa\u00e7os e lugares para encontrar muita coisa interessante&hellip; Continue reading Cidades mais art\u00edsticas do Brasil","og_url":"https:\/\/www.expedia.com.br\/stories\/cidades-mais-artisticas-do-brasil\/","og_site_name":"Expedia BR Stories","article_published_time":"2017-09-19T13:00:08+00:00","og_image":[{"width":1000,"height":800,"url":"https:\/\/www.expedia.com.br\/stories\/wp-content\/uploads\/2021\/11\/Resize-Header-Art-Towns.jpg","type":"image\/jpeg"}],"author":"agray","twitter_card":"summary_large_image","twitter_misc":{"Written by":"agray","Est. reading time":"13 minutes"},"schema":{"@context":"https:\/\/schema.org","@graph":[{"@type":"WebPage","@id":"https:\/\/www.expedia.com.br\/stories\/cidades-mais-artisticas-do-brasil\/","url":"https:\/\/www.expedia.com.br\/stories\/cidades-mais-artisticas-do-brasil\/","name":"Cidades mais art\u00edsticas do Brasil | Expedia","isPartOf":{"@id":"https:\/\/www.expedia.com.br\/stories\/#website"},"primaryImageOfPage":{"@id":"https:\/\/www.expedia.com.br\/stories\/cidades-mais-artisticas-do-brasil\/#primaryimage"},"image":{"@id":"https:\/\/www.expedia.com.br\/stories\/cidades-mais-artisticas-do-brasil\/#primaryimage"},"thumbnailUrl":"https:\/\/www.expedia.com.br\/stories\/wp-content\/uploads\/2021\/11\/Resize-Header-Art-Towns.jpg","datePublished":"2017-09-19T13:00:08+00:00","dateModified":"2017-09-19T13:00:08+00:00","author":{"@id":"https:\/\/www.expedia.com.br\/stories\/#\/schema\/person\/263d827ac415645fdb446addb27341c6"},"breadcrumb":{"@id":"https:\/\/www.expedia.com.br\/stories\/cidades-mais-artisticas-do-brasil\/#breadcrumb"},"inLanguage":"en-US","potentialAction":[{"@type":"ReadAction","target":["https:\/\/www.expedia.com.br\/stories\/cidades-mais-artisticas-do-brasil\/"]}]},{"@type":"ImageObject","inLanguage":"en-US","@id":"https:\/\/www.expedia.com.br\/stories\/cidades-mais-artisticas-do-brasil\/#primaryimage","url":"https:\/\/www.expedia.com.br\/stories\/wp-content\/uploads\/2021\/11\/Resize-Header-Art-Towns.jpg","contentUrl":"https:\/\/www.expedia.com.br\/stories\/wp-content\/uploads\/2021\/11\/Resize-Header-Art-Towns.jpg","width":1000,"height":800},{"@type":"BreadcrumbList","@id":"https:\/\/www.expedia.com.br\/stories\/cidades-mais-artisticas-do-brasil\/#breadcrumb","itemListElement":[{"@type":"ListItem","position":1,"name":"Explore","item":"https:\/\/www.expedia.com.br\/stories\/"},{"@type":"ListItem","position":2,"name":"Dicas de viagem","item":"https:\/\/www.expedia.com.br\/stories\/dicas-de-viagem\/"},{"@type":"ListItem","position":3,"name":"Cidades mais art\u00edsticas do Brasil"}]},{"@type":"WebSite","@id":"https:\/\/www.expedia.com.br\/stories\/#website","url":"https:\/\/www.expedia.com.br\/stories\/","name":"Expedia BR Stories","description":"Just another WordPress site","potentialAction":[{"@type":"SearchAction","target":{"@type":"EntryPoint","urlTemplate":"https:\/\/www.expedia.com.br\/stories\/?s={search_term_string}"},"query-input":"required name=search_term_string"}],"inLanguage":"en-US"},{"@type":"Person","@id":"https:\/\/www.expedia.com.br\/stories\/#\/schema\/person\/263d827ac415645fdb446addb27341c6","name":"agray","image":{"@type":"ImageObject","inLanguage":"en-US","@id":"https:\/\/www.expedia.com.br\/stories\/#\/schema\/person\/image\/","url":"https:\/\/secure.gravatar.com\/avatar\/93806db7c66e1d34e1265dcbfee63f26?s=96&d=mm&r=g","contentUrl":"https:\/\/secure.gravatar.com\/avatar\/93806db7c66e1d34e1265dcbfee63f26?s=96&d=mm&r=g","caption":"agray"},"url":"https:\/\/www.expedia.com.br\/stories\/author\/agray\/"}]}},"_links":{"self":[{"href":"https:\/\/www.expedia.com.br\/stories\/wp-json\/wp\/v2\/posts\/7217"}],"collection":[{"href":"https:\/\/www.expedia.com.br\/stories\/wp-json\/wp\/v2\/posts"}],"about":[{"href":"https:\/\/www.expedia.com.br\/stories\/wp-json\/wp\/v2\/types\/post"}],"author":[{"embeddable":true,"href":"https:\/\/www.expedia.com.br\/stories\/wp-json\/wp\/v2\/users\/5"}],"replies":[{"embeddable":true,"href":"https:\/\/www.expedia.com.br\/stories\/wp-json\/wp\/v2\/comments?post=7217"}],"version-history":[{"count":0,"href":"https:\/\/www.expedia.com.br\/stories\/wp-json\/wp\/v2\/posts\/7217\/revisions"}],"wp:featuredmedia":[{"embeddable":true,"href":"https:\/\/www.expedia.com.br\/stories\/wp-json\/wp\/v2\/media\/7229"}],"wp:attachment":[{"href":"https:\/\/www.expedia.com.br\/stories\/wp-json\/wp\/v2\/media?parent=7217"}],"wp:term":[{"taxonomy":"category","embeddable":true,"href":"https:\/\/www.expedia.com.br\/stories\/wp-json\/wp\/v2\/categories?post=7217"},{"taxonomy":"post_tag","embeddable":true,"href":"https:\/\/www.expedia.com.br\/stories\/wp-json\/wp\/v2\/tags?post=7217"},{"taxonomy":"authors","embeddable":true,"href":"https:\/\/www.expedia.com.br\/stories\/wp-json\/wp\/v2\/authors?post=7217"}],"curies":[{"name":"wp","href":"https:\/\/api.w.org\/{rel}","templated":true}]}}